{"id":595,"date":"2014-07-23T10:44:14","date_gmt":"2014-07-23T10:44:14","guid":{"rendered":"http:\/\/www.plcmarketing.com\/blog\/?p=595"},"modified":"2014-07-24T10:56:27","modified_gmt":"2014-07-24T10:56:27","slug":"aprobado-definitivamente-el-canon-aede-o-tasa-google","status":"publish","type":"post","link":"https:\/\/www.plcmarketing.com\/blog\/aprobado-definitivamente-el-canon-aede-o-tasa-google\/","title":{"rendered":"Aprobado el Canon AEDE  o \u00abTasa Google\u00bb"},"content":{"rendered":"<p><img loading=\"lazy\" decoding=\"async\" src=\"http:\/\/www.plcmarketing.com\/blog\/wp-content\/uploads\/2014\/07\/censura-en-internet-300x182.jpg\" alt=\"censura en internet\"  width=\"195\" height=\"110\" class=\"alignright size-medium wp-image-628\" \/>Ayer se aprob\u00f3 la <a href=\"http:\/\/www.congreso.es\/public_oficiales\/L10\/CONG\/BOCG\/A\/BOCG-10-A-81-1.PDF\" title=\"Texto oficial de la ley\" target=\"_blank\"><strong>nueva Ley de Propiedad Intelectual<\/strong><\/a> que engloba el pol\u00e9mico <strong>Canon AEDE<\/strong>, tambi\u00e9n conocido como <strong>Tasa Google<\/strong>. Por varias razones muchos ya la consideran como <a href=\"http:\/\/t.xataka.com\/analisis\/cronica-de-la-historia-del-mayor-robo-a-internet-jamas-perpetrado\" title=\"robo a internet\" target=\"_blank\">una de las leyes m\u00e1s infames contra el desarrollo de Internet<\/a> y un peligroso paso hacia atr\u00e1s en cuanto a la libertad de expresi\u00f3n y la censura en nuestro pa\u00eds.<\/p>\n<p>Si no sabes <a href=\"http:\/\/alt1040.com\/2014\/07\/canon-aede-espana-vs-internet\" target=\"_blank\">de qu\u00e9 estamos hablando<\/a> es porque los medios de comunicaci\u00f3n y el gobierno se han preocupado de que sea as\u00ed, eligiendo fechas de verano y apenas sin cobertura medi\u00e1tica en grandes medios (los que conoc\u00edamos la ley nos hemos \u00absorprendido\u00bb al no ver nada en telediarios de la TV). Pero no te preocupes, nosotros <strong>te intentaremos explicar en qu\u00e9 consiste y porqu\u00e9 se va a poner en marcha<\/strong>, respondiendo a las posibles preguntas que puedan surgir:<\/p>\n<h2 style=\"margin-bottom:16px;\">\u00bfQu\u00e9 es el Canon AEDE o Tasa Google?<\/h2>\n<p>Para explicarlo f\u00e1cilmente, digamos que tienes un <strong>blog o p\u00e1gina web<\/strong> y te dispones a escribir un art\u00edculo sobre algo de actualidad, por ejemplo \u201cEl reciente mundial de Brasil\u201d, escribes el art\u00edculo y en alg\u00fan punto decides citar a una fuente con todos los resultados y poner un link hacia el <strong>diario Marca o el AS<\/strong> para mejorar la experiencia del lector.<\/p>\n<p>Pues aqu\u00ed es donde entra en acci\u00f3n el <strong>Canon AEDE (Asociaci\u00f3n de Editores de Diarios Espa\u00f1oles)<\/strong> o Tasa Google, <strong>tanto si citas como si enlazas a un diario para dar contexto a tu art\u00edculo, tendr\u00edas que pagar un canon<\/strong> al peri\u00f3dico de donde sacaste la informaci\u00f3n. S\u00ed, al m\u00e1s puro estilo <strong>SGAE<\/strong> con el canon musical.<\/p>\n<h2 style=\"margin-bottom:16px;\">Pero&#8230;\u00bfpor qu\u00e9 ahora?<\/h2>\n<p><img loading=\"lazy\" decoding=\"async\" src=\"http:\/\/www.plcmarketing.com\/blog\/wp-content\/uploads\/2014\/07\/canonazo-227x300.png\" alt=\"canonazo\" width=\"209\" height=\"270\" class=\"alignleft size-medium wp-image-631\" \/>Pese que a estas p\u00e1ginas llevan tiempo instaladas, se podr\u00eda decir que la idea de su implantaci\u00f3n viene de febrero de este a\u00f1o, cuando desde el AEDE se empez\u00f3 a se\u00f1alar directamente a <a title=\"web de men\u00e9ame\" href=\"http:\/\/www.meneame.net\/\" target=\"_blank\">Men\u00e9ame<\/a> o <a href=\"https:\/\/news.google.es\/\" target=\"_blank\">Google News<\/a>. Su argumento era que como agregadores de noticias estas p\u00e1ginas perjudicaban a los medios tradicionales, alegando que <strong>cuando citas a un medio les desproteges y \u201cvampirizas\u201d todo su trabajo<\/strong>, cuando en realidad lo que se est\u00e1s haciendo es publicitar dicho medio y atraer visitas a su web gratuitamente (en el ejemplo expuesto antes es a\u00fan m\u00e1s obvio).<\/p>\n<p>Mientras los afectados siempre consideraron que <a href=\"http:\/\/blog.meneame.net\/2014\/02\/16\/posicionamiento-de-meneame-sobre-la-tasa-a-agregadores-de-la-nueva-ley-de-propiedad-intelectual\/\" title=\"estudio en el blog meneame\">sus webs favorec\u00edan tanto a estos medios<\/a>, como a nuevos blogs y webs en las que poder encontrar noticias de actualidad.<\/p>\n<p style=\"text-align:center;background-color:antiquewhite\"><strong>De esto \u00faltimo ya <a href=\"\/2014\/02\/google-y-los-editores.html\" title=\"Defensa de google ante el canonazo\" target=\"_blank\">se defendi\u00f3 Google<\/a> a principios de este a\u00f1o cuando el diario El Mundo asegur\u00f3 que <em>\u201cGoogle News y otras plataformas similares vienen parasitando a la prensa desde hace a\u00f1os\u201d<\/em>, acto seguido los chicos de Google Espa\u00f1a se pusieron a escribir en su blog demostrando que en 2013, s\u00f3lo con AdSense, Google reparti\u00f3 9.000 millones de d\u00f3lares entre sus socios editores, habiendo generado un tr\u00e1fico a estos mismos editores de noticias hasta alcanzar los 10.000 millones de visitas&#8230;<\/strong><\/p>\n<p>En una entrevista realizada en mayo por el <a title=\"entrevista a Ricardo Galli en el diario 20 minutos\" href=\"http:\/\/www.20minutos.es\/noticia\/2127151\/0\/ricardo-galli\/meneame\/tasa-google\/#xtor=AD-15&#038;xts=467263\" target=\"_blank\">diario 20 minutos a Ricardo Galli<\/a>, <strong>cofundador de Men\u00e9ame<\/strong> comentaba \u201c<em>El problema es que grandes compa\u00f1\u00edas como el grupo Prisa han cometido una serie de errores, han perdido miles de millones de euros y ahora tienen dificultades econ\u00f3micas que intentan compensar como sea. Esto comenz\u00f3 como una rabieta contra Google y acab\u00f3 en una modificaci\u00f3n de la ley que quita hasta el derecho a cita&#8230;\u201d<\/em>.<\/p>\n<h2 style=\"margin-bottom:16px;\">\u00bfAfectar\u00e1 a Facebook y Twitter?<\/h2>\n<p>Es uno de los grandes debates que surgen al hablar del canon AEDE, con frases coherentes como <em>\u201csi yo agrego enlaces, soy un agregador, pero \u00bfqu\u00e9 son Facebook y Twitter?\u201d<\/em> <strong>para Galli est\u00e1 claro<\/strong> <em>\u201cles afecta claramente, lo que pasa es que est\u00e1n callados y no dicen nada&#8230; Si afecta a Men\u00e9ame, \u00bfpor qu\u00e9 no va a afectar a Twitter cuando las cuentas de muchos medios se dedican a poner enlaces con un resumen de la noticia? Por coherencia de la propia ley tambi\u00e9n les tiene que afectar?<\/em>. Tras la aprobaci\u00f3n de ayer <strong>los expertos piensan que s\u00ed que podr\u00eda afectar a cualquier tipo de agregador de contenidos o plataformas como <a href=\"https:\/\/twitter.com\/\" target=\"_blank\">Twitter<\/a>, <a href=\"https:\/\/www.facebook.com\/\" target=\"_blank\">Facebook<\/a> o <a title=\"web de flipboard\" href=\"https:\/\/flipboard.com\/\" target=\"_blank\">Flipboard<\/a><\/strong>.<\/p>\n<h2 style=\"margin-bottom:16px;\">\u00bfCu\u00e1ndo entrar\u00e1 en vigor el canonazo?<\/h2>\n<p><img loading=\"lazy\" decoding=\"async\" src=\"http:\/\/www.plcmarketing.com\/blog\/wp-content\/uploads\/2014\/07\/congreso-300x156.jpg\" alt=\"congreso contra internet\" width=\"300\" height=\"156\" class=\"alignright size-medium wp-image-637\" srcset=\"https:\/\/www.plcmarketing.com\/blog\/wp-content\/uploads\/2014\/07\/congreso-300x156.jpg 300w, https:\/\/www.plcmarketing.com\/blog\/wp-content\/uploads\/2014\/07\/congreso-1024x532.jpg 1024w\" sizes=\"auto, (max-width: 300px) 100vw, 300px\" \/>El <a href=\"http:\/\/coalicionprointernet.com\/?p=990\" title=\"Coalici\u00f3n Pro Internet\" target=\"_blank\">congreso aprob\u00f3 la Ley de Protecci\u00f3n de Datos ayer 22 de julio de 2014<\/a> y junto a ella se incluy\u00f3 el Canon AEDE, que pasan a formar parte de la conocida Ley de 2011, la cual ampliaba de 50 a 70 a\u00f1os el plazo de protecci\u00f3n de las obras de los artistas musicales con letra. La <strong>\u201cTasa Google\u201d estar\u00e1 incluida dentro del art\u00edculo 32.2 en el que se habla sobre el Canon de uso de los \u201cfragmentos no significativos de contenidos\u201d<\/strong>, y ser\u00e1 el que <strong>obligue a compensar a la fuente de la que se extrajo la noticia<\/strong>. No ser\u00e1 hasta octubre\/noviembre cuando se sepa con m\u00e1s claridad a qui\u00e9n afecta y en que medida, lo que si se conoce ya son <strong>las multas para todo aquel que no pague este canon, oscilar\u00e1n entre los 30.000 y los 300.000 euros dependiendo de si se reincide<\/strong>. Los demandantes podr\u00e1n solicitar la posible colaboraci\u00f3n de terceros, como pueden ser los anunciantes para que retiren la publicidad de una web que consideran sospechosa.<\/p>\n<h2 style=\"margin-bottom:16px;\">\u00bfC\u00f3mo afecta la Tasa Google?<\/h2>\n<div class=\"videoxq3\" style=\"margin:4px 15px 0 0;float:left;\">\n<h6 class=\"citaxq1\" style=\"margin-top:12px;font-size:12px\"><span style=\"margin-left:51px\">Los<\/span> ingresos que tenemos son \u00fanicamente por publicidad y son 20 veces menos que lo que ingresan los medios. \u00bfDe d\u00f3nde pretenden sacar el dinero?\u201d  <a style=\"margin-left:10px;\" href=\"http:\/\/gallir.wordpress.com\/2014\/07\/22\/un-apunte-personal-rapido-sobre-el-canon-aede\/\" title=\"reflexiones sobre el canon de Ricardo Galli\" target=\"_blank\">Ricardo Galli<\/a><\/h6>\n<\/div>\n<p>El gobierno cree que con esta ley podr\u00e1 recaudar directamente de Google, pero aunque eso suceda (est\u00e1 por ver que Google News Espa\u00f1a no desaparezca para no sentar precedentes peligrosos a sus intereses), sin duda <strong>los m\u00e1s afectados son mayoritariamente emprendedores que han decidido utilizar internet como su forma de vida<\/strong>. Ricardo Galli explicaba muy bien c\u00f3mo ve el Gobierno esta nueva ley: <em>\u201cGoogle es una empresa que gana miles de millones al a\u00f1o, se beneficia del contenido de los dem\u00e1s y adem\u00e1s no paga impuestos en Espa\u00f1a, por lo tanto, que se apa\u00f1e Google. No ven m\u00e1s all\u00e1, no lo miran desde una perspectiva global, as\u00ed que no se dan cuenta de que esto afectar\u00e1 a muchas empresas y que el impacto en Google ser\u00e1 \u00ednfimo comparado con lo que nos pasar\u00e1 a los dem\u00e1s\u201d<\/em><\/p>\n<p>Seg\u00fan el \u00faltimo informe realizado por <a title=\"Informe de AFI sobre el impacto del canon aede\" href=\"http:\/\/www.afi.es\/webAfi\/noticias\/1396384\/1252800\/0\/Informe-de-Afi-para-la-Coalicion-Pro-Internet-sobre-el-impacto-economico-del-canon-AEDE-en-los-internautas.html\" target=\"_blank\">AFI para la Coalici\u00f3n Prointernet<\/a> aseguran que el canon AEDE tendr\u00e1 un <strong>impacto negativo en nuestra econom\u00eda que rondar\u00e1 los 1133 millones<\/strong> de euros cada a\u00f1o para los internautas espa\u00f1oles, aunque <strong>seg\u00fan AEDE recaudar\u00e1n 80 millones de euros anuales<\/strong>. Adem\u00e1s, aclaran que si cierran este tipo de p\u00e1ginas de enlaces y agregadores, se dificultar\u00eda la b\u00fasqueda de informaci\u00f3n debido a una p\u00e9rdida de <a title=\"Art\u00edculo del blog sobre el posicionamiento SEO\" href=\"http:\/\/www.plcmarketing.com\/blog\/que-es-el-posicionamiento-seo\/\" target=\"_blank\">posicionamiento SEO<\/a> de las mismas y que afectar\u00eda a la productividad de otro tipo de empresas espa\u00f1olas.<\/p>\n<h2 style=\"margin-bottom:16px;\">\u00bfPor qu\u00e9 debemos protestar contra ella?<\/h2>\n<p>Existen multitud de razones para rechazar esta ley, pero os vamos a destacar algunas que hacen que al menos <strong>este acuerdo entre Gobierno y Medios de comunicaci\u00f3n huela a podrido<\/strong>:<\/p>\n<ul class=\"ul_list flag\">\n<li><img loading=\"lazy\" decoding=\"async\" src=\"http:\/\/www.plcmarketing.com\/blog\/wp-content\/uploads\/2014\/07\/porque-300x187.png\" alt=\"porque\" width=\"300\" height=\"187\" class=\"alignright size-medium wp-image-641\" srcset=\"https:\/\/www.plcmarketing.com\/blog\/wp-content\/uploads\/2014\/07\/porque-300x187.png 300w, https:\/\/www.plcmarketing.com\/blog\/wp-content\/uploads\/2014\/07\/porque.png 399w\" sizes=\"auto, (max-width: 300px) 100vw, 300px\" \/><strong>Porque es irrenunciable:<\/strong> Todos los medios deber\u00e1n adherirse a \u00e9l, a\u00fan no estando de acuerdo. Es el caso de peri\u00f3dicos como el 20 minutos que creen firmemente que este tipo de enlaces le benefician (imagino que se basar\u00e1n en datos) y no podr\u00e1n renunciar al pago de dicho canon.<\/li>\n<li><strong>Porque NO es reciproco<\/strong>: Tu no podr\u00e1s enlazar a un peri\u00f3dico pero ellos s\u00ed a cualquier p\u00e1gina. Es evidente la necesidad de cita para dar credibilidad a ciertas noticias, pero solo ellos podr\u00e1n ejercerla raro \u00bfno?. <\/li>\n<li><strong>Tenia f\u00e1cil soluci\u00f3n:<\/strong> Como se\u00f1alaron en su d\u00eda tanto Google News como Meneame, la soluci\u00f3n era simple pedir a Google News y a Men\u00e9ame que dejasen de enlazar a sus medios. Tanto mediante medios inform\u00e1ticos (robots.txt), como por un simple email que nunca llego.<\/li>\n<li><strong>Porque destruir al enemigo despu\u00e9s de intentar unirte a \u00e9l est\u00e1 mal<\/strong>: Ricardo Galli ha declarado en varias de sus entrevistas que el propio grupo Planeta (uno de los cabecillas del canonazo) <a href=\"https:\/\/gallir.wordpress.com\/category\/internet\/\" target=\"_blank\" title=\"declaraciones Ricardo Galli\">intento comprar su p\u00e1gina<\/a> por varios millones de \u20ac, \u00bfhubiese salido adelante el canon entonces?<\/li>\n<li><strong>Porque hay un trasfondo muy peligroso:<\/strong> Muchos pensamos que el verdadero trasfondo de esta ley es la eliminaci\u00f3n de la competencia de los grandes medios, que con la llegada de internet han visto como nuevos medios digitales y blogs son una alternativa real y de calidad a sus peri\u00f3dicos. Con esta ley, el alcance de estos medios minoritarios queda muy reducido y el poder de las marcas grandes aumenta.<\/li>\n<\/ul>\n<p>De momento y hasta que la ley est\u00e9 definitivamente aprobada en octubre, <strong>lo \u00fanico que podemos hacer es escribir sobre ello<\/strong> para que todo el mundo sepa lo que se est\u00e1 haciendo con la libertad de expresi\u00f3n en internet, un sinsentido anticultural en contra del avance tecnol\u00f3gico. En <a title=\"Web de PLC Marketing\" href=\"http:\/\/www.plcmarketing.com\/\" target=\"_blank\"><strong>PLC Marketing<\/strong><\/a> ya hemos firmado en portales como <a title=\"Web en contra del canon AEDE\" href=\"http:\/\/todoscontraelcanon.org\/\" target=\"_blank\">todoscontraelcanon.org<\/a> y en <a title=\"petici\u00f3n retirada canon AEDE \" href=\"https:\/\/www.change.org\/es\/peticiones\/gobierno-retire-el-canon-por-cita-canonxcita\" target=\"_blank\">change.org<\/a>. Adem\u00e1s pod\u00e9is seguir las \u00faltimas noticias sobre el Canon <strong>en los hashtags<\/strong> como <strong><a href=\"https:\/\/twitter.com\/search?q=%23CanonXCita&#038;src=typd\" target=\"_blank\">#CanonXCita<\/a>, <a href=\"https:\/\/twitter.com\/search?q=%23Canonazo&#038;src=typd\" target=\"_blank\">#Canonazo<\/a>, <a href=\"https:\/\/twitter.com\/search?q=%23canonaede&#038;src=typd\" target=\"_blank\">#CanonAEDE<\/a> y <a href=\"https:\/\/twitter.com\/search?q=%23EnlaceLibre&#038;src=tyah\" target=\"_blank\">#enlacelibre<\/a><\/strong>, te animamos a que colabores con todos nosotros utiliz\u00e1ndolas.<\/p>\n","protected":false},"excerpt":{"rendered":"<p>Ayer se aprob\u00f3 la nueva Ley de Propiedad Intelectual que engloba el pol\u00e9mico Canon AEDE, tambi\u00e9n conocido como Tasa Google. Por varias razones muchos ya la consideran como una de las leyes m\u00e1s infames contra el desarrollo de Internet y<\/p>\n","protected":false},"author":1,"featured_media":596,"comment_status":"open","ping_status":"closed","sticky":false,"template":"","format":"standard","meta":{"footnotes":""},"categories":[11],"tags":[26,27,28],"class_list":["post-595","post","type-post","status-publish","format-standard","has-post-thumbnail","hentry","category-noticias","tag-canon-aede","tag-canonazo","tag-tasa-google"],"aioseo_notices":[],"_links":{"self":[{"href":"https:\/\/www.plcmarketing.com\/blog\/wp-json\/wp\/v2\/posts\/595","targetHints":{"allow":["GET"]}}],"collection":[{"href":"https:\/\/www.plcmarketing.com\/blog\/wp-json\/wp\/v2\/posts"}],"about":[{"href":"https:\/\/www.plcmarketing.com\/blog\/wp-json\/wp\/v2\/types\/post"}],"author":[{"embeddable":true,"href":"https:\/\/www.plcmarketing.com\/blog\/wp-json\/wp\/v2\/users\/1"}],"replies":[{"embeddable":true,"href":"https:\/\/www.plcmarketing.com\/blog\/wp-json\/wp\/v2\/comments?post=595"}],"version-history":[{"count":40,"href":"https:\/\/www.plcmarketing.com\/blog\/wp-json\/wp\/v2\/posts\/595\/revisions"}],"predecessor-version":[{"id":647,"href":"https:\/\/www.plcmarketing.com\/blog\/wp-json\/wp\/v2\/posts\/595\/revisions\/647"}],"wp:featuredmedia":[{"embeddable":true,"href":"https:\/\/www.plcmarketing.com\/blog\/wp-json\/wp\/v2\/media\/596"}],"wp:attachment":[{"href":"https:\/\/www.plcmarketing.com\/blog\/wp-json\/wp\/v2\/media?parent=595"}],"wp:term":[{"taxonomy":"category","embeddable":true,"href":"https:\/\/www.plcmarketing.com\/blog\/wp-json\/wp\/v2\/categories?post=595"},{"taxonomy":"post_tag","embeddable":true,"href":"https:\/\/www.plcmarketing.com\/blog\/wp-json\/wp\/v2\/tags?post=595"}],"curies":[{"name":"wp","href":"https:\/\/api.w.org\/{rel}","templated":true}]}}